{"id":4408,"date":"2022-01-07T21:50:46","date_gmt":"2022-01-07T20:50:46","guid":{"rendered":"https:\/\/ofm.hr\/koprivnica-wp\/?p=4408"},"modified":"2022-01-14T21:05:04","modified_gmt":"2022-01-14T20:05:04","slug":"upni-zbor-sv-antuna-gostovao-u-susjednoj-upi-bl-majke-terezije-u-starigradu","status":"publish","type":"post","link":"https:\/\/www.ofm.hr\/koprivnica\/upni-zbor-sv-antuna-gostovao-u-susjednoj-upi-bl-majke-terezije-u-starigradu\/","title":{"rendered":"\u017dupni zbor sv. Antuna gostovao u susjednoj \u017eupi bl. Majke Terezije u Starigradu"},"content":{"rendered":"\n<p>\u017dupni pjeva\u010dki zbor na\u0161e \u017eupe sv. Antuna Padovanskog u zajedni\u0161tvu mje\u0161ovitog zbora iz \u017eupe bl. Majke Terezije, animirali su misno slavlje u nedjelju 22. travnja u susjednoj \u017eupi u Starigradu. Poticaj za ovakvo dru\u017eenje i okupljanje do\u0161ao je od strane na\u0161e voditeljice gospo\u0111e Ane Tot, koja vodi oba zbora. Nakon svete mise nastavilo se dru\u017eenje u vjeronau\u010dnoj dvorani, uz bogato pripremljen domjenak na\u0161ih doma\u010dina, te uz me\u0111usobno upoznavanje i razmjenjivanje iskustava. Na kraju susreta obe\u0107ali smo si novi susret i po\u017eeljeli da se on \u0161to prije dogodi.<\/p>\n\n\n\n<figure class=\"wp-block-image\" data-block-type=\"core\"><img loading=\"lazy\" decoding=\"async\" width=\"640\" height=\"480\" src=\"https:\/\/www.ofm.hr\/koprivnica\/wp-content\/uploads\/2012\/06\/web15_IMG_1425.jpg\" alt=\"\" class=\"wp-image-4401\" srcset=\"https:\/\/www.ofm.hr\/koprivnica\/wp-content\/uploads\/2012\/06\/web15_IMG_1425.jpg 640w, https:\/\/www.ofm.hr\/koprivnica\/wp-content\/uploads\/2012\/06\/web15_IMG_1425-600x450.jpg 600w, https:\/\/www.ofm.hr\/koprivnica\/wp-content\/uploads\/2012\/06\/web15_IMG_1425-300x225.jpg 300w\" sizes=\"auto, (max-width: 640px) 100vw, 640px\" \/><\/figure>\n\n\n\n<figure class=\"wp-block-image\" data-block-type=\"core\"><img loading=\"lazy\" decoding=\"async\" width=\"640\" height=\"480\" src=\"https:\/\/www.ofm.hr\/koprivnica\/wp-content\/uploads\/2012\/06\/web15_IMG_1426.jpg\" alt=\"\" class=\"wp-image-4402\" srcset=\"https:\/\/www.ofm.hr\/koprivnica\/wp-content\/uploads\/2012\/06\/web15_IMG_1426.jpg 640w, https:\/\/www.ofm.hr\/koprivnica\/wp-content\/uploads\/2012\/06\/web15_IMG_1426-600x450.jpg 600w, https:\/\/www.ofm.hr\/koprivnica\/wp-content\/uploads\/2012\/06\/web15_IMG_1426-300x225.jpg 300w\" sizes=\"auto, (max-width: 640px) 100vw, 640px\" \/><\/figure>\n\n\n\n<figure class=\"wp-block-image\" data-block-type=\"core\"><img loading=\"lazy\" decoding=\"async\" width=\"640\" height=\"480\" src=\"https:\/\/www.ofm.hr\/koprivnica\/wp-content\/uploads\/2012\/06\/web15_IMG_1428.jpg\" alt=\"\" class=\"wp-image-4403\" srcset=\"https:\/\/www.ofm.hr\/koprivnica\/wp-content\/uploads\/2012\/06\/web15_IMG_1428.jpg 640w, https:\/\/www.ofm.hr\/koprivnica\/wp-content\/uploads\/2012\/06\/web15_IMG_1428-600x450.jpg 600w, https:\/\/www.ofm.hr\/koprivnica\/wp-content\/uploads\/2012\/06\/web15_IMG_1428-300x225.jpg 300w\" sizes=\"auto, (max-width: 640px) 100vw, 640px\" \/><\/figure>\n\n\n\n<figure class=\"wp-block-image\" data-block-type=\"core\"><img loading=\"lazy\" decoding=\"async\" width=\"640\" height=\"480\" src=\"https:\/\/www.ofm.hr\/koprivnica\/wp-content\/uploads\/2012\/06\/web15_IMG_1433.jpg\" alt=\"\" class=\"wp-image-4404\" srcset=\"https:\/\/www.ofm.hr\/koprivnica\/wp-content\/uploads\/2012\/06\/web15_IMG_1433.jpg 640w, https:\/\/www.ofm.hr\/koprivnica\/wp-content\/uploads\/2012\/06\/web15_IMG_1433-600x450.jpg 600w, https:\/\/www.ofm.hr\/koprivnica\/wp-content\/uploads\/2012\/06\/web15_IMG_1433-300x225.jpg 300w\" sizes=\"auto, (max-width: 640px) 100vw, 640px\" \/><\/figure>\n\n\n\n<figure class=\"wp-block-image\" data-block-type=\"core\"><img loading=\"lazy\" decoding=\"async\" width=\"640\" height=\"480\" src=\"https:\/\/www.ofm.hr\/koprivnica\/wp-content\/uploads\/2012\/06\/web15_IMG_1437.jpg\" alt=\"\" class=\"wp-image-4405\" srcset=\"https:\/\/www.ofm.hr\/koprivnica\/wp-content\/uploads\/2012\/06\/web15_IMG_1437.jpg 640w, https:\/\/www.ofm.hr\/koprivnica\/wp-content\/uploads\/2012\/06\/web15_IMG_1437-600x450.jpg 600w, https:\/\/www.ofm.hr\/koprivnica\/wp-content\/uploads\/2012\/06\/web15_IMG_1437-300x225.jpg 300w\" sizes=\"auto, (max-width: 640px) 100vw, 640px\" \/><\/figure>\n\n\n\n<figure class=\"wp-block-image\" data-block-type=\"core\"><img loading=\"lazy\" decoding=\"async\" width=\"640\" height=\"480\" src=\"https:\/\/www.ofm.hr\/koprivnica\/wp-content\/uploads\/2012\/06\/web15_IMG_1441.jpg\" alt=\"\" class=\"wp-image-4406\" srcset=\"https:\/\/www.ofm.hr\/koprivnica\/wp-content\/uploads\/2012\/06\/web15_IMG_1441.jpg 640w, https:\/\/www.ofm.hr\/koprivnica\/wp-content\/uploads\/2012\/06\/web15_IMG_1441-600x450.jpg 600w, https:\/\/www.ofm.hr\/koprivnica\/wp-content\/uploads\/2012\/06\/web15_IMG_1441-300x225.jpg 300w\" sizes=\"auto, (max-width: 640px) 100vw, 640px\" \/><\/figure>\n\n\n\n<figure class=\"wp-block-image\" data-block-type=\"core\"><img loading=\"lazy\" decoding=\"async\" width=\"640\" height=\"480\" src=\"https:\/\/www.ofm.hr\/koprivnica\/wp-content\/uploads\/2012\/06\/web15_IMG_1442.jpg\" alt=\"\" class=\"wp-image-4407\" srcset=\"https:\/\/www.ofm.hr\/koprivnica\/wp-content\/uploads\/2012\/06\/web15_IMG_1442.jpg 640w, https:\/\/www.ofm.hr\/koprivnica\/wp-content\/uploads\/2012\/06\/web15_IMG_1442-600x450.jpg 600w, https:\/\/www.ofm.hr\/koprivnica\/wp-content\/uploads\/2012\/06\/web15_IMG_1442-300x225.jpg 300w\" sizes=\"auto, (max-width: 640px) 100vw, 640px\" \/><\/figure>\n","protected":false},"excerpt":{"rendered":"<p>\u017dupni pjeva\u010dki zbor na\u0161e \u017eupe sv. Antuna Padovanskog u zajedni\u0161tvu mje\u0161ovitog zbora iz \u017eupe bl. Majke Terezije, animirali su misno slavlje u nedjelju 22. travnja u susjednoj \u017eupi u Starigradu. Poticaj za ovakvo dru\u017eenje i okupljanje do\u0161ao je od strane na\u0161e voditeljice gospo\u0111e Ane Tot, koja vodi oba zbora. Nakon svete mise nastavilo se dru\u017eenje [&hellip;]<\/p>\n","protected":false},"author":1,"featured_media":4401,"comment_status":"open","ping_status":"open","sticky":true,"template":"","format":"standard","meta":{"qubely_global_settings":"","qubely_interactions":"","footnotes":""},"categories":[16],"tags":[],"class_list":["post-4408","post","type-post","status-publish","format-standard","has-post-thumbnail","hentry","category-zupni-zbor"],"blocksy_meta":{"styles_descriptor":{"styles":{"desktop":"","tablet":"","mobile":""},"google_fonts":[],"version":6}},"qubely_featured_image_url":{"full":["https:\/\/www.ofm.hr\/koprivnica\/wp-content\/uploads\/2012\/06\/web15_IMG_1425.jpg",640,480,false],"landscape":["https:\/\/www.ofm.hr\/koprivnica\/wp-content\/uploads\/2012\/06\/web15_IMG_1425.jpg",640,480,false],"portraits":["https:\/\/www.ofm.hr\/koprivnica\/wp-content\/uploads\/2012\/06\/web15_IMG_1425.jpg",427,320,false],"thumbnail":["https:\/\/www.ofm.hr\/koprivnica\/wp-content\/uploads\/2012\/06\/web15_IMG_1425-150x150.jpg",150,150,true],"medium":["https:\/\/www.ofm.hr\/koprivnica\/wp-content\/uploads\/2012\/06\/web15_IMG_1425-300x225.jpg",300,225,true],"medium_large":["https:\/\/www.ofm.hr\/koprivnica\/wp-content\/uploads\/2012\/06\/web15_IMG_1425.jpg",640,480,false],"large":["https:\/\/www.ofm.hr\/koprivnica\/wp-content\/uploads\/2012\/06\/web15_IMG_1425.jpg",640,480,false],"1536x1536":["https:\/\/www.ofm.hr\/koprivnica\/wp-content\/uploads\/2012\/06\/web15_IMG_1425.jpg",640,480,false],"2048x2048":["https:\/\/www.ofm.hr\/koprivnica\/wp-content\/uploads\/2012\/06\/web15_IMG_1425.jpg",640,480,false],"qubely_landscape":["https:\/\/www.ofm.hr\/koprivnica\/wp-content\/uploads\/2012\/06\/web15_IMG_1425.jpg",640,480,false],"qubely_portrait":["https:\/\/www.ofm.hr\/koprivnica\/wp-content\/uploads\/2012\/06\/web15_IMG_1425.jpg",427,320,false],"qubely_thumbnail":["https:\/\/www.ofm.hr\/koprivnica\/wp-content\/uploads\/2012\/06\/web15_IMG_1425.jpg",133,100,false]},"qubely_author":{"display_name":"Branko","author_link":"https:\/\/www.ofm.hr\/koprivnica\/author\/admkp8\/"},"qubely_comment":0,"qubely_category":"<a href=\"https:\/\/www.ofm.hr\/koprivnica\/category\/zupni-zbor\/\" rel=\"category tag\">\u017dupni zbor<\/a>","qubely_excerpt":"\u017dupni pjeva\u010dki zbor na\u0161e \u017eupe sv. Antuna Padovanskog u zajedni\u0161tvu mje\u0161ovitog zbora iz \u017eupe bl. Majke Terezije, animirali su misno slavlje u nedjelju 22. travnja u susjednoj \u017eupi u Starigradu. Poticaj za ovakvo dru\u017eenje i okupljanje do\u0161ao je od strane na\u0161e voditeljice gospo\u0111e Ane Tot, koja vodi oba zbora. Nakon svete mise nastavilo se dru\u017eenje&hellip;","featured_image_urls_v2":{"full":["https:\/\/www.ofm.hr\/koprivnica\/wp-content\/uploads\/2012\/06\/web15_IMG_1425.jpg",640,480,false],"thumbnail":["https:\/\/www.ofm.hr\/koprivnica\/wp-content\/uploads\/2012\/06\/web15_IMG_1425-150x150.jpg",150,150,true],"medium":["https:\/\/www.ofm.hr\/koprivnica\/wp-content\/uploads\/2012\/06\/web15_IMG_1425-300x225.jpg",300,225,true],"medium_large":["https:\/\/www.ofm.hr\/koprivnica\/wp-content\/uploads\/2012\/06\/web15_IMG_1425.jpg",640,480,false],"large":["https:\/\/www.ofm.hr\/koprivnica\/wp-content\/uploads\/2012\/06\/web15_IMG_1425.jpg",640,480,false],"1536x1536":["https:\/\/www.ofm.hr\/koprivnica\/wp-content\/uploads\/2012\/06\/web15_IMG_1425.jpg",640,480,false],"2048x2048":["https:\/\/www.ofm.hr\/koprivnica\/wp-content\/uploads\/2012\/06\/web15_IMG_1425.jpg",640,480,false],"qubely_landscape":["https:\/\/www.ofm.hr\/koprivnica\/wp-content\/uploads\/2012\/06\/web15_IMG_1425.jpg",640,480,false],"qubely_portrait":["https:\/\/www.ofm.hr\/koprivnica\/wp-content\/uploads\/2012\/06\/web15_IMG_1425.jpg",427,320,false],"qubely_thumbnail":["https:\/\/www.ofm.hr\/koprivnica\/wp-content\/uploads\/2012\/06\/web15_IMG_1425.jpg",133,100,false]},"post_excerpt_stackable_v2":"<p>\u017dupni pjeva\u010dki zbor na\u0161e \u017eupe sv. Antuna Padovanskog u zajedni\u0161tvu mje\u0161ovitog zbora iz \u017eupe bl. Majke Terezije, animirali su misno slavlje u nedjelju 22. travnja u susjednoj \u017eupi u Starigradu. Poticaj za ovakvo dru\u017eenje i okupljanje do\u0161ao je od strane na\u0161e voditeljice gospo\u0111e Ane Tot, koja vodi oba zbora. Nakon svete mise nastavilo se dru\u017eenje u vjeronau\u010dnoj dvorani, uz bogato pripremljen domjenak na\u0161ih doma\u010dina, te uz me\u0111usobno upoznavanje i razmjenjivanje iskustava. Na kraju susreta obe\u0107ali smo si novi susret i po\u017eeljeli da se on \u0161to prije dogodi.<\/p>\n","category_list_v2":"<a href=\"https:\/\/www.ofm.hr\/koprivnica\/category\/zupni-zbor\/\" rel=\"category tag\">\u017dupni zbor<\/a>","author_info_v2":{"name":"Branko","url":"https:\/\/www.ofm.hr\/koprivnica\/author\/admkp8\/"},"comments_num_v2":"0 comments","_links":{"self":[{"href":"https:\/\/www.ofm.hr\/koprivnica\/wp-json\/wp\/v2\/posts\/4408","targetHints":{"allow":["GET"]}}],"collection":[{"href":"https:\/\/www.ofm.hr\/koprivnica\/wp-json\/wp\/v2\/posts"}],"about":[{"href":"https:\/\/www.ofm.hr\/koprivnica\/wp-json\/wp\/v2\/types\/post"}],"author":[{"embeddable":true,"href":"https:\/\/www.ofm.hr\/koprivnica\/wp-json\/wp\/v2\/users\/1"}],"replies":[{"embeddable":true,"href":"https:\/\/www.ofm.hr\/koprivnica\/wp-json\/wp\/v2\/comments?post=4408"}],"version-history":[{"count":2,"href":"https:\/\/www.ofm.hr\/koprivnica\/wp-json\/wp\/v2\/posts\/4408\/revisions"}],"predecessor-version":[{"id":10340,"href":"https:\/\/www.ofm.hr\/koprivnica\/wp-json\/wp\/v2\/posts\/4408\/revisions\/10340"}],"wp:featuredmedia":[{"embeddable":true,"href":"https:\/\/www.ofm.hr\/koprivnica\/wp-json\/wp\/v2\/media\/4401"}],"wp:attachment":[{"href":"https:\/\/www.ofm.hr\/koprivnica\/wp-json\/wp\/v2\/media?parent=4408"}],"wp:term":[{"taxonomy":"category","embeddable":true,"href":"https:\/\/www.ofm.hr\/koprivnica\/wp-json\/wp\/v2\/categories?post=4408"},{"taxonomy":"post_tag","embeddable":true,"href":"https:\/\/www.ofm.hr\/koprivnica\/wp-json\/wp\/v2\/tags?post=4408"}],"curies":[{"name":"wp","href":"https:\/\/api.w.org\/{rel}","templated":true}]}}