{"id":4446,"date":"2022-01-07T21:50:46","date_gmt":"2022-01-07T20:50:46","guid":{"rendered":"https:\/\/ofm.hr\/koprivnica-wp\/?p=4446"},"modified":"2022-01-14T21:07:07","modified_gmt":"2022-01-14T20:07:07","slug":"mjeoviti-zbor-nae-upe-sudjelovao-na-osmoj-smotri-franjevakih-zborova-u-klotru-ivaniu","status":"publish","type":"post","link":"https:\/\/www.ofm.hr\/koprivnica\/mjeoviti-zbor-nae-upe-sudjelovao-na-osmoj-smotri-franjevakih-zborova-u-klotru-ivaniu\/","title":{"rendered":"Mje\u0161oviti zbor na\u0161e \u017eupe sudjelovao na osmoj smotri franjeva\u010dkih zborova u Klo\u0161tru Ivani\u0107u"},"content":{"rendered":"\n<p>Povodom 920. obljetnice prvog pisanog spomena Ivani\u0107a\u00a0 danas je u crkvi Marijina uznesenja na nebo, koja se ovdje slavi kao &#8220;Majka milosr\u0111a&#8221;, odr\u017eana osma po redu smotra crkvenih zborova Hrvatske franjeva\u010dke provincije sv. \u0106irila i Metoda. Smotru je organizirao fra Antun Jasenovi\u0107, povjerenik ove Provincije za kulturu i sakralnu glazbu. Nastupio je rekordan broj zborova: sveukupno 27 od Trsata preko Vukovara, Iloka, Ba\u010da, Zemuna sve do Subotice i na sjever do \u010cakovca. Prema rije\u010dima fra Antuna Jasenovi\u0107a, glavnog rukovoditelja ove smotre, na zborovanju se okupilo 75o sudionika. Svaki zbor izveo je prema vlastitom izboru po\u00a0jednu pjesmu. Na\u0161 zbor sv. Antuna izveo je zahtjevnu skladbu \u201eVjerujem u Boga\u201c, pod umjetni\u010dkom palicom Ivona Fabijenec, dirigenta i orgulja\u0161a. Na kraju izvedbe objektivna i zahvalna publika nagradila ih je gromoglasnim pljeskom. Nazo\u010dne je pozdravio doma\u0107in fra Tomislav Bo\u017ei\u010dek, \u017eupnik i gvardijan. Posebnu pozornost svojim nastupima pobudili su mladi iz \u017eupe sv. Nikole, biskupa iz Hrvatske Kostajnice i zbor franjeva\u010dkih juniora s Kaptola u Zagrebu. Nakon revijalnih nastupa uslijedila je sveta misa koju je predvodio i propovijedao provincijalni ministar\u00a0 fra \u017deljko \u017deleznjak. Suslavilo je dvadesetak sve\u0107enika franjevacaNa kraju ove smotre vrijedni doma\u0107ini su organizirali domjenak za sve sudionike. Nakon okrijepe tijela spontano se razvilo narodno veselje. <\/p>\n\n\n\n<p>Izvor: <strong><cite>www.ofm.hr<\/cite><\/strong><\/p>\n\n\n\n<figure class=\"wp-block-image\" data-block-type=\"core\"><img loading=\"lazy\" decoding=\"async\" width=\"640\" height=\"480\" src=\"https:\/\/www.ofm.hr\/koprivnica\/wp-content\/uploads\/2013\/07\/web15_DSC_3956.jpg\" alt=\"\" class=\"wp-image-4435\" srcset=\"https:\/\/www.ofm.hr\/koprivnica\/wp-content\/uploads\/2013\/07\/web15_DSC_3956.jpg 640w, https:\/\/www.ofm.hr\/koprivnica\/wp-content\/uploads\/2013\/07\/web15_DSC_3956-600x450.jpg 600w, https:\/\/www.ofm.hr\/koprivnica\/wp-content\/uploads\/2013\/07\/web15_DSC_3956-300x225.jpg 300w\" sizes=\"auto, (max-width: 640px) 100vw, 640px\" \/><\/figure>\n\n\n\n<figure class=\"wp-block-image\" data-block-type=\"core\"><img loading=\"lazy\" decoding=\"async\" width=\"640\" height=\"480\" src=\"https:\/\/www.ofm.hr\/koprivnica\/wp-content\/uploads\/2013\/07\/web15_IMG_2592.jpg\" alt=\"\" class=\"wp-image-4436\" srcset=\"https:\/\/www.ofm.hr\/koprivnica\/wp-content\/uploads\/2013\/07\/web15_IMG_2592.jpg 640w, https:\/\/www.ofm.hr\/koprivnica\/wp-content\/uploads\/2013\/07\/web15_IMG_2592-600x450.jpg 600w, https:\/\/www.ofm.hr\/koprivnica\/wp-content\/uploads\/2013\/07\/web15_IMG_2592-300x225.jpg 300w\" sizes=\"auto, (max-width: 640px) 100vw, 640px\" \/><\/figure>\n\n\n\n<figure class=\"wp-block-image\" data-block-type=\"core\"><img loading=\"lazy\" decoding=\"async\" width=\"640\" height=\"480\" src=\"https:\/\/www.ofm.hr\/koprivnica\/wp-content\/uploads\/2013\/07\/web15_IMG_2596.jpg\" alt=\"\" class=\"wp-image-4437\" srcset=\"https:\/\/www.ofm.hr\/koprivnica\/wp-content\/uploads\/2013\/07\/web15_IMG_2596.jpg 640w, https:\/\/www.ofm.hr\/koprivnica\/wp-content\/uploads\/2013\/07\/web15_IMG_2596-600x450.jpg 600w, https:\/\/www.ofm.hr\/koprivnica\/wp-content\/uploads\/2013\/07\/web15_IMG_2596-300x225.jpg 300w\" sizes=\"auto, (max-width: 640px) 100vw, 640px\" \/><\/figure>\n\n\n\n<figure class=\"wp-block-image\" data-block-type=\"core\"><img loading=\"lazy\" decoding=\"async\" width=\"640\" height=\"480\" src=\"https:\/\/www.ofm.hr\/koprivnica\/wp-content\/uploads\/2013\/07\/web15_IMG_2597.jpg\" alt=\"\" class=\"wp-image-4438\" srcset=\"https:\/\/www.ofm.hr\/koprivnica\/wp-content\/uploads\/2013\/07\/web15_IMG_2597.jpg 640w, https:\/\/www.ofm.hr\/koprivnica\/wp-content\/uploads\/2013\/07\/web15_IMG_2597-600x450.jpg 600w, https:\/\/www.ofm.hr\/koprivnica\/wp-content\/uploads\/2013\/07\/web15_IMG_2597-300x225.jpg 300w\" sizes=\"auto, (max-width: 640px) 100vw, 640px\" \/><\/figure>\n\n\n\n<figure class=\"wp-block-image\" data-block-type=\"core\"><img loading=\"lazy\" decoding=\"async\" width=\"640\" height=\"480\" src=\"https:\/\/www.ofm.hr\/koprivnica\/wp-content\/uploads\/2013\/07\/web15_IMG_2598.jpg\" alt=\"\" class=\"wp-image-4439\" srcset=\"https:\/\/www.ofm.hr\/koprivnica\/wp-content\/uploads\/2013\/07\/web15_IMG_2598.jpg 640w, https:\/\/www.ofm.hr\/koprivnica\/wp-content\/uploads\/2013\/07\/web15_IMG_2598-600x450.jpg 600w, https:\/\/www.ofm.hr\/koprivnica\/wp-content\/uploads\/2013\/07\/web15_IMG_2598-300x225.jpg 300w\" sizes=\"auto, (max-width: 640px) 100vw, 640px\" \/><\/figure>\n\n\n\n<figure class=\"wp-block-image\" data-block-type=\"core\"><img loading=\"lazy\" decoding=\"async\" width=\"640\" height=\"480\" src=\"https:\/\/www.ofm.hr\/koprivnica\/wp-content\/uploads\/2013\/07\/web15_IMG_2599.jpg\" alt=\"\" class=\"wp-image-4440\" srcset=\"https:\/\/www.ofm.hr\/koprivnica\/wp-content\/uploads\/2013\/07\/web15_IMG_2599.jpg 640w, https:\/\/www.ofm.hr\/koprivnica\/wp-content\/uploads\/2013\/07\/web15_IMG_2599-600x450.jpg 600w, https:\/\/www.ofm.hr\/koprivnica\/wp-content\/uploads\/2013\/07\/web15_IMG_2599-300x225.jpg 300w\" sizes=\"auto, (max-width: 640px) 100vw, 640px\" \/><\/figure>\n\n\n\n<figure class=\"wp-block-image\" data-block-type=\"core\"><img loading=\"lazy\" decoding=\"async\" width=\"640\" height=\"480\" src=\"https:\/\/www.ofm.hr\/koprivnica\/wp-content\/uploads\/2013\/07\/web15_IMG_2750.jpg\" alt=\"\" class=\"wp-image-4441\" srcset=\"https:\/\/www.ofm.hr\/koprivnica\/wp-content\/uploads\/2013\/07\/web15_IMG_2750.jpg 640w, https:\/\/www.ofm.hr\/koprivnica\/wp-content\/uploads\/2013\/07\/web15_IMG_2750-600x450.jpg 600w, https:\/\/www.ofm.hr\/koprivnica\/wp-content\/uploads\/2013\/07\/web15_IMG_2750-300x225.jpg 300w\" sizes=\"auto, (max-width: 640px) 100vw, 640px\" \/><\/figure>\n\n\n\n<figure class=\"wp-block-image\" data-block-type=\"core\"><img loading=\"lazy\" decoding=\"async\" width=\"640\" height=\"480\" src=\"https:\/\/www.ofm.hr\/koprivnica\/wp-content\/uploads\/2013\/07\/web15_IMG_2769.jpg\" alt=\"\" class=\"wp-image-4442\" srcset=\"https:\/\/www.ofm.hr\/koprivnica\/wp-content\/uploads\/2013\/07\/web15_IMG_2769.jpg 640w, https:\/\/www.ofm.hr\/koprivnica\/wp-content\/uploads\/2013\/07\/web15_IMG_2769-600x450.jpg 600w, https:\/\/www.ofm.hr\/koprivnica\/wp-content\/uploads\/2013\/07\/web15_IMG_2769-300x225.jpg 300w\" sizes=\"auto, (max-width: 640px) 100vw, 640px\" \/><\/figure>\n\n\n\n<figure class=\"wp-block-image\" data-block-type=\"core\"><img loading=\"lazy\" decoding=\"async\" width=\"640\" height=\"480\" src=\"https:\/\/www.ofm.hr\/koprivnica\/wp-content\/uploads\/2013\/07\/web15_IMG_2772.jpg\" alt=\"\" class=\"wp-image-4443\" srcset=\"https:\/\/www.ofm.hr\/koprivnica\/wp-content\/uploads\/2013\/07\/web15_IMG_2772.jpg 640w, https:\/\/www.ofm.hr\/koprivnica\/wp-content\/uploads\/2013\/07\/web15_IMG_2772-600x450.jpg 600w, https:\/\/www.ofm.hr\/koprivnica\/wp-content\/uploads\/2013\/07\/web15_IMG_2772-300x225.jpg 300w\" sizes=\"auto, (max-width: 640px) 100vw, 640px\" \/><\/figure>\n\n\n\n<figure class=\"wp-block-image\" data-block-type=\"core\"><img loading=\"lazy\" decoding=\"async\" width=\"640\" height=\"480\" src=\"https:\/\/www.ofm.hr\/koprivnica\/wp-content\/uploads\/2013\/07\/web15_IMG_2784.jpg\" alt=\"\" class=\"wp-image-4444\" srcset=\"https:\/\/www.ofm.hr\/koprivnica\/wp-content\/uploads\/2013\/07\/web15_IMG_2784.jpg 640w, https:\/\/www.ofm.hr\/koprivnica\/wp-content\/uploads\/2013\/07\/web15_IMG_2784-600x450.jpg 600w, https:\/\/www.ofm.hr\/koprivnica\/wp-content\/uploads\/2013\/07\/web15_IMG_2784-300x225.jpg 300w\" sizes=\"auto, (max-width: 640px) 100vw, 640px\" \/><\/figure>\n\n\n\n<figure class=\"wp-block-image\" data-block-type=\"core\"><img loading=\"lazy\" decoding=\"async\" width=\"640\" height=\"480\" src=\"https:\/\/www.ofm.hr\/koprivnica\/wp-content\/uploads\/2013\/07\/web15_IMG_2804.jpg\" alt=\"\" class=\"wp-image-4445\" srcset=\"https:\/\/www.ofm.hr\/koprivnica\/wp-content\/uploads\/2013\/07\/web15_IMG_2804.jpg 640w, https:\/\/www.ofm.hr\/koprivnica\/wp-content\/uploads\/2013\/07\/web15_IMG_2804-600x450.jpg 600w, https:\/\/www.ofm.hr\/koprivnica\/wp-content\/uploads\/2013\/07\/web15_IMG_2804-300x225.jpg 300w\" sizes=\"auto, (max-width: 640px) 100vw, 640px\" \/><\/figure>\n","protected":false},"excerpt":{"rendered":"<p>Povodom 920. obljetnice prvog pisanog spomena Ivani\u0107a\u00a0 danas je u crkvi Marijina uznesenja na nebo, koja se ovdje slavi kao &#8220;Majka milosr\u0111a&#8221;, odr\u017eana osma po redu smotra crkvenih zborova Hrvatske franjeva\u010dke provincije sv. \u0106irila i Metoda. Smotru je organizirao fra Antun Jasenovi\u0107, povjerenik ove Provincije za kulturu i sakralnu glazbu. Nastupio je rekordan broj zborova: [&hellip;]<\/p>\n","protected":false},"author":1,"featured_media":4435,"comment_status":"open","ping_status":"open","sticky":true,"template":"","format":"standard","meta":{"qubely_global_settings":"","qubely_interactions":"","footnotes":""},"categories":[16],"tags":[],"class_list":["post-4446","post","type-post","status-publish","format-standard","has-post-thumbnail","hentry","category-zupni-zbor"],"blocksy_meta":{"styles_descriptor":{"styles":{"desktop":"","tablet":"","mobile":""},"google_fonts":[],"version":6}},"qubely_featured_image_url":{"full":["https:\/\/www.ofm.hr\/koprivnica\/wp-content\/uploads\/2013\/07\/web15_DSC_3956.jpg",640,480,false],"landscape":["https:\/\/www.ofm.hr\/koprivnica\/wp-content\/uploads\/2013\/07\/web15_DSC_3956.jpg",640,480,false],"portraits":["https:\/\/www.ofm.hr\/koprivnica\/wp-content\/uploads\/2013\/07\/web15_DSC_3956.jpg",427,320,false],"thumbnail":["https:\/\/www.ofm.hr\/koprivnica\/wp-content\/uploads\/2013\/07\/web15_DSC_3956-150x150.jpg",150,150,true],"medium":["https:\/\/www.ofm.hr\/koprivnica\/wp-content\/uploads\/2013\/07\/web15_DSC_3956-300x225.jpg",300,225,true],"medium_large":["https:\/\/www.ofm.hr\/koprivnica\/wp-content\/uploads\/2013\/07\/web15_DSC_3956.jpg",640,480,false],"large":["https:\/\/www.ofm.hr\/koprivnica\/wp-content\/uploads\/2013\/07\/web15_DSC_3956.jpg",640,480,false],"1536x1536":["https:\/\/www.ofm.hr\/koprivnica\/wp-content\/uploads\/2013\/07\/web15_DSC_3956.jpg",640,480,false],"2048x2048":["https:\/\/www.ofm.hr\/koprivnica\/wp-content\/uploads\/2013\/07\/web15_DSC_3956.jpg",640,480,false],"qubely_landscape":["https:\/\/www.ofm.hr\/koprivnica\/wp-content\/uploads\/2013\/07\/web15_DSC_3956.jpg",640,480,false],"qubely_portrait":["https:\/\/www.ofm.hr\/koprivnica\/wp-content\/uploads\/2013\/07\/web15_DSC_3956.jpg",427,320,false],"qubely_thumbnail":["https:\/\/www.ofm.hr\/koprivnica\/wp-content\/uploads\/2013\/07\/web15_DSC_3956.jpg",133,100,false]},"qubely_author":{"display_name":"Branko","author_link":"https:\/\/www.ofm.hr\/koprivnica\/author\/admkp8\/"},"qubely_comment":0,"qubely_category":"<a href=\"https:\/\/www.ofm.hr\/koprivnica\/category\/zupni-zbor\/\" rel=\"category tag\">\u017dupni zbor<\/a>","qubely_excerpt":"Povodom 920. obljetnice prvog pisanog spomena Ivani\u0107a\u00a0 danas je u crkvi Marijina uznesenja na nebo, koja se ovdje slavi kao &#8220;Majka milosr\u0111a&#8221;, odr\u017eana osma po redu smotra crkvenih zborova Hrvatske franjeva\u010dke provincije sv. \u0106irila i Metoda. Smotru je organizirao fra Antun Jasenovi\u0107, povjerenik ove Provincije za kulturu i sakralnu glazbu. Nastupio je rekordan broj zborova:&hellip;","featured_image_urls_v2":{"full":["https:\/\/www.ofm.hr\/koprivnica\/wp-content\/uploads\/2013\/07\/web15_DSC_3956.jpg",640,480,false],"thumbnail":["https:\/\/www.ofm.hr\/koprivnica\/wp-content\/uploads\/2013\/07\/web15_DSC_3956-150x150.jpg",150,150,true],"medium":["https:\/\/www.ofm.hr\/koprivnica\/wp-content\/uploads\/2013\/07\/web15_DSC_3956-300x225.jpg",300,225,true],"medium_large":["https:\/\/www.ofm.hr\/koprivnica\/wp-content\/uploads\/2013\/07\/web15_DSC_3956.jpg",640,480,false],"large":["https:\/\/www.ofm.hr\/koprivnica\/wp-content\/uploads\/2013\/07\/web15_DSC_3956.jpg",640,480,false],"1536x1536":["https:\/\/www.ofm.hr\/koprivnica\/wp-content\/uploads\/2013\/07\/web15_DSC_3956.jpg",640,480,false],"2048x2048":["https:\/\/www.ofm.hr\/koprivnica\/wp-content\/uploads\/2013\/07\/web15_DSC_3956.jpg",640,480,false],"qubely_landscape":["https:\/\/www.ofm.hr\/koprivnica\/wp-content\/uploads\/2013\/07\/web15_DSC_3956.jpg",640,480,false],"qubely_portrait":["https:\/\/www.ofm.hr\/koprivnica\/wp-content\/uploads\/2013\/07\/web15_DSC_3956.jpg",427,320,false],"qubely_thumbnail":["https:\/\/www.ofm.hr\/koprivnica\/wp-content\/uploads\/2013\/07\/web15_DSC_3956.jpg",133,100,false]},"post_excerpt_stackable_v2":"<p>Povodom 920. obljetnice prvog pisanog spomena Ivani\u0107a\u00a0 danas je u crkvi Marijina uznesenja na nebo, koja se ovdje slavi kao &#8220;Majka milosr\u0111a&#8221;, odr\u017eana osma po redu smotra crkvenih zborova Hrvatske franjeva\u010dke provincije sv. \u0106irila i Metoda. Smotru je organizirao fra Antun Jasenovi\u0107, povjerenik ove Provincije za kulturu i sakralnu glazbu. Nastupio je rekordan broj zborova: sveukupno 27 od Trsata preko Vukovara, Iloka, Ba\u010da, Zemuna sve do Subotice i na sjever do \u010cakovca. Prema rije\u010dima fra Antuna Jasenovi\u0107a, glavnog rukovoditelja ove smotre, na zborovanju se okupilo 75o sudionika. Svaki zbor izveo je prema vlastitom izboru po\u00a0jednu pjesmu. Na\u0161 zbor sv. Antuna&hellip;<\/p>\n","category_list_v2":"<a href=\"https:\/\/www.ofm.hr\/koprivnica\/category\/zupni-zbor\/\" rel=\"category tag\">\u017dupni zbor<\/a>","author_info_v2":{"name":"Branko","url":"https:\/\/www.ofm.hr\/koprivnica\/author\/admkp8\/"},"comments_num_v2":"0 comments","_links":{"self":[{"href":"https:\/\/www.ofm.hr\/koprivnica\/wp-json\/wp\/v2\/posts\/4446","targetHints":{"allow":["GET"]}}],"collection":[{"href":"https:\/\/www.ofm.hr\/koprivnica\/wp-json\/wp\/v2\/posts"}],"about":[{"href":"https:\/\/www.ofm.hr\/koprivnica\/wp-json\/wp\/v2\/types\/post"}],"author":[{"embeddable":true,"href":"https:\/\/www.ofm.hr\/koprivnica\/wp-json\/wp\/v2\/users\/1"}],"replies":[{"embeddable":true,"href":"https:\/\/www.ofm.hr\/koprivnica\/wp-json\/wp\/v2\/comments?post=4446"}],"version-history":[{"count":2,"href":"https:\/\/www.ofm.hr\/koprivnica\/wp-json\/wp\/v2\/posts\/4446\/revisions"}],"predecessor-version":[{"id":10342,"href":"https:\/\/www.ofm.hr\/koprivnica\/wp-json\/wp\/v2\/posts\/4446\/revisions\/10342"}],"wp:featuredmedia":[{"embeddable":true,"href":"https:\/\/www.ofm.hr\/koprivnica\/wp-json\/wp\/v2\/media\/4435"}],"wp:attachment":[{"href":"https:\/\/www.ofm.hr\/koprivnica\/wp-json\/wp\/v2\/media?parent=4446"}],"wp:term":[{"taxonomy":"category","embeddable":true,"href":"https:\/\/www.ofm.hr\/koprivnica\/wp-json\/wp\/v2\/categories?post=4446"},{"taxonomy":"post_tag","embeddable":true,"href":"https:\/\/www.ofm.hr\/koprivnica\/wp-json\/wp\/v2\/tags?post=4446"}],"curies":[{"name":"wp","href":"https:\/\/api.w.org\/{rel}","templated":true}]}}