{"id":585,"date":"2022-01-07T21:40:59","date_gmt":"2022-01-07T20:40:59","guid":{"rendered":"https:\/\/ofm.hr\/koprivnica-wp\/?p=585"},"modified":"2022-01-07T21:40:59","modified_gmt":"2022-01-07T20:40:59","slug":"xxii-po-redu-franjevacki-hod-3","status":"publish","type":"post","link":"https:\/\/www.ofm.hr\/koprivnica\/xxii-po-redu-franjevacki-hod-3\/","title":{"rendered":"XXII po redu franjeva\u010dki hod"},"content":{"rendered":"<p><img loading=\"lazy\" decoding=\"async\" class=\" alignleft size-full wp-image-563\" src=\"https:\/\/www.ofm.hr\/koprivnica\/wp-content\/uploads\/2015\/08\/web18_10.jpg\" alt=\"\" style=\"margin: 3px; float: left;\" height=\"90\" width=\"119\" \/>Sedam Frama&scaron;ica iz Koprivnice bilo je na ovogodi&scaron;njem, XXII. Hodu Frame Zagreba\u010dkog podru\u010dnog bratstva. Jedanaestodnevno hodo\u010da&scaron;\u0107e na svima je njima ostavilo bogate dojmove i iskustva te potaknulo promjene. Frama&scaron;i su na ovom Hodu, me\u0111u ostalim, imali prilike posjetiti zajednicu Cenacolo pokraj Vrbovca, bolnicu za kroni\u010dno oboljelu djecu u Gornjoj Bistri, sestre karmeli\u0107anke u Mariji Bistrici i kao &scaron;e\u0107er na kraju, srce franjeva&scaron;tva, Asiz. Bilo je tu jo&scaron; puno sitnica i detalja koji su pridonijeli povezivanju u bratstvu, produbljivanju vlastitog poziva, brojnim odlukama i promjenama, no evo nekih dojmova: &bdquo;Divno je biti na tim mjestima u Asizu na kojima je \u017eivio sv. Franjo. Divno je navra\u0107ati Kristu u svakoj toj crkvici i imati malo vremena za molitvu, vidjeti stvari kojima se slu\u017eio sv. Franjo i njegov habit koji je sav zakrpan, od materijala od kojeg se ni vre\u0107e danas ne rade. Sve je to vrlo poticajno. Tako\u0111er, posjetiti crkvicu sv. Damjana bilo je posebno. Crkvica u kojoj je Raspeti progovorio Franji, mjesto gdje je Klara provela svoj \u017eivot, gdje su nekako zapo\u010dele klarise, divan krajolik, mir, ti&scaron;ina. Sve tako odi&scaron;e sveto&scaron;\u0107u.&ldquo; Martina &bdquo;Dan prije odlaska na hod, zadala sam si zadatak da \u0107u poku&scaron;ati upoznati &scaron;to vi&scaron;e frama&scaron;a. I to sam uspjela ostvariti. Svi ti ljudi su tako predivni i otvoreni za razgovor i zezanje. Razgovara&scaron; s njima samo 10 minuta i ve\u0107 ti se \u010dini kao da se poznajete cijeli \u017eivot. Nau\u010dila sam puno novih stvari jer smo svaki dan obra\u0111ivali jedan sakrament. Osje\u0107am kako sam se na ovom mar&scaron;u promjenila, kako sam na neki na\u010din postala nova osoba. Plesanje i pjevanje na trgu u Sv. Ivanu Zelini, Cenacolo, dje\u010dja bolnica u Bistri-sve me to &#8220;razbistrilo&#8221;, pogodilo i navelo da po\u010dnem biti zahvalna na svemu &scaron;to imam.&ldquo; Jelena &bdquo;Hod je jedna velika duhovna obnova na kojoj si okru\u017een bra\u0107om i sestrama koji imaju uglavnom iste stavove i razmi&scaron;ljanja, me\u0111u kojima je lako \u017eivjeti i svjedo\u010diti svoju vjeru. Nau\u010dili smo &#8216;kako se to radi&#8217; i sada je do&scaron;lo vrijeme da to prenesemo na svakida&scaron;nji \u017eivot. Sva ta mjesta kroz koja smo pro&scaron;li na neki na\u010din su me dotakla i potaknula na razmi&scaron;ljanje. Iznenadila me Bo\u017eja providnost i to nekoliko puta i to na na\u010din koji mi nikada ne bi pao na pamet. Postala sam svjesnija Bo\u017eje ljubavi koju nam Gospodin svakoga dana daje u Euharistiji. Pomirila sam se s Gospodinom te sam oprostom u Porcijunkuli dobila priliku za novi po\u010detak.&ldquo; Matea&nbsp;<\/p>\n<p><img loading=\"lazy\" decoding=\"async\" class=\" alignleft size-full wp-image-569\" src=\"https:\/\/www.ofm.hr\/koprivnica\/wp-content\/uploads\/2015\/08\/web18_1.jpg\" alt=\"\" style=\"margin: 3px; float: left;\" height=\"90\" width=\"119\" \/> <img loading=\"lazy\" decoding=\"async\" class=\" alignleft size-full wp-image-570\" src=\"https:\/\/www.ofm.hr\/koprivnica\/wp-content\/uploads\/2015\/08\/web18_2.jpg\" alt=\"\" style=\"margin: 3px; float: left;\" height=\"90\" width=\"119\" \/> <img loading=\"lazy\" decoding=\"async\" class=\" alignleft size-full wp-image-572\" src=\"https:\/\/www.ofm.hr\/koprivnica\/wp-content\/uploads\/2015\/08\/web18_3.jpg\" alt=\"\" style=\"margin: 3px; float: left;\" height=\"90\" width=\"119\" \/> <img loading=\"lazy\" decoding=\"async\" class=\" alignleft size-full wp-image-573\" src=\"https:\/\/www.ofm.hr\/koprivnica\/wp-content\/uploads\/2015\/08\/web18_4.jpg\" alt=\"\" style=\"margin: 3px; float: left;\" height=\"90\" width=\"119\" \/> <img loading=\"lazy\" decoding=\"async\" class=\" alignleft size-full wp-image-574\" src=\"https:\/\/www.ofm.hr\/koprivnica\/wp-content\/uploads\/2015\/08\/web18_5.jpg\" alt=\"\" style=\"margin: 3px; float: left;\" height=\"90\" width=\"119\" \/> <img loading=\"lazy\" decoding=\"async\" class=\" alignleft size-full wp-image-575\" src=\"https:\/\/www.ofm.hr\/koprivnica\/wp-content\/uploads\/2015\/08\/web18_6.jpg\" alt=\"\" style=\"margin: 3px; float: left;\" height=\"90\" width=\"119\" \/> <img loading=\"lazy\" decoding=\"async\" class=\" alignleft size-full wp-image-576\" src=\"https:\/\/www.ofm.hr\/koprivnica\/wp-content\/uploads\/2015\/08\/web18_7.jpg\" alt=\"\" style=\"margin: 3px; float: left;\" height=\"90\" width=\"119\" srcset=\"https:\/\/www.ofm.hr\/koprivnica\/wp-content\/uploads\/2015\/08\/web18_7.jpg 640w, https:\/\/www.ofm.hr\/koprivnica\/wp-content\/uploads\/2015\/08\/web18_7-600x450.jpg 600w, https:\/\/www.ofm.hr\/koprivnica\/wp-content\/uploads\/2015\/08\/web18_7-300x225.jpg 300w\" sizes=\"auto, (max-width: 119px) 100vw, 119px\" \/> <img loading=\"lazy\" decoding=\"async\" class=\" alignleft size-full wp-image-577\" src=\"https:\/\/www.ofm.hr\/koprivnica\/wp-content\/uploads\/2015\/08\/web18_8.jpg\" alt=\"\" style=\"margin: 3px; float: left;\" height=\"90\" width=\"119\" \/> <img loading=\"lazy\" decoding=\"async\" class=\" alignleft size-full wp-image-578\" src=\"https:\/\/www.ofm.hr\/koprivnica\/wp-content\/uploads\/2015\/08\/web18_9.jpg\" alt=\"\" style=\"margin: 3px; float: left;\" height=\"90\" width=\"119\" \/>&nbsp; <img loading=\"lazy\" decoding=\"async\" class=\" alignleft size-full wp-image-579\" src=\"https:\/\/www.ofm.hr\/koprivnica\/wp-content\/uploads\/2015\/08\/web18_11.jpg\" alt=\"\" style=\"margin: 3px; float: left;\" height=\"90\" width=\"119\" \/> <img loading=\"lazy\" decoding=\"async\" class=\" alignleft size-full wp-image-580\" src=\"https:\/\/www.ofm.hr\/koprivnica\/wp-content\/uploads\/2015\/08\/web18_12.jpg\" alt=\"\" style=\"margin: 3px; float: left;\" height=\"90\" width=\"119\" \/> <img loading=\"lazy\" decoding=\"async\" class=\" alignleft size-full wp-image-581\" src=\"https:\/\/www.ofm.hr\/koprivnica\/wp-content\/uploads\/2015\/08\/web18_13.jpg\" alt=\"\" style=\"margin: 3px; float: left;\" height=\"90\" width=\"119\" \/> <img loading=\"lazy\" decoding=\"async\" class=\" alignleft size-full wp-image-582\" src=\"https:\/\/www.ofm.hr\/koprivnica\/wp-content\/uploads\/2015\/08\/web18_14.jpg\" alt=\"\" style=\"margin: 3px; float: left;\" height=\"90\" width=\"119\" \/> <\/p>\n","protected":false},"excerpt":{"rendered":"<p>Sedam Frama&scaron;ica iz Koprivnice bilo je na ovogodi&scaron;njem, XXII. Hodu Frame Zagreba\u010dkog podru\u010dnog bratstva. Jedanaestodnevno hodo\u010da&scaron;\u0107e na svima je njima ostavilo bogate dojmove i iskustva te potaknulo promjene. Frama&scaron;i su na ovom Hodu, me\u0111u ostalim, imali prilike posjetiti zajednicu Cenacolo pokraj Vrbovca, bolnicu za kroni\u010dno oboljelu djecu u Gornjoj Bistri, sestre karmeli\u0107anke u Mariji Bistrici [&hellip;]<\/p>\n","protected":false},"author":1,"featured_media":563,"comment_status":"open","ping_status":"open","sticky":true,"template":"","format":"standard","meta":{"qubely_global_settings":"","qubely_interactions":"","footnotes":""},"categories":[40],"tags":[],"class_list":["post-585","post","type-post","status-publish","format-standard","has-post-thumbnail","hentry","category-frama"],"blocksy_meta":{"styles_descriptor":{"styles":{"desktop":"","tablet":"","mobile":""},"google_fonts":[],"version":6}},"qubely_featured_image_url":{"full":["https:\/\/www.ofm.hr\/koprivnica\/wp-content\/uploads\/2015\/08\/web18_10.jpg",640,352,false],"landscape":["https:\/\/www.ofm.hr\/koprivnica\/wp-content\/uploads\/2015\/08\/web18_10.jpg",640,352,false],"portraits":["https:\/\/www.ofm.hr\/koprivnica\/wp-content\/uploads\/2015\/08\/web18_10.jpg",540,297,false],"thumbnail":["https:\/\/www.ofm.hr\/koprivnica\/wp-content\/uploads\/2015\/08\/web18_10-150x150.jpg",150,150,true],"medium":["https:\/\/www.ofm.hr\/koprivnica\/wp-content\/uploads\/2015\/08\/web18_10-300x165.jpg",300,165,true],"medium_large":["https:\/\/www.ofm.hr\/koprivnica\/wp-content\/uploads\/2015\/08\/web18_10.jpg",640,352,false],"large":["https:\/\/www.ofm.hr\/koprivnica\/wp-content\/uploads\/2015\/08\/web18_10.jpg",640,352,false],"1536x1536":["https:\/\/www.ofm.hr\/koprivnica\/wp-content\/uploads\/2015\/08\/web18_10.jpg",640,352,false],"2048x2048":["https:\/\/www.ofm.hr\/koprivnica\/wp-content\/uploads\/2015\/08\/web18_10.jpg",640,352,false],"qubely_landscape":["https:\/\/www.ofm.hr\/koprivnica\/wp-content\/uploads\/2015\/08\/web18_10.jpg",640,352,false],"qubely_portrait":["https:\/\/www.ofm.hr\/koprivnica\/wp-content\/uploads\/2015\/08\/web18_10.jpg",540,297,false],"qubely_thumbnail":["https:\/\/www.ofm.hr\/koprivnica\/wp-content\/uploads\/2015\/08\/web18_10.jpg",140,77,false]},"qubely_author":{"display_name":"Branko","author_link":"https:\/\/www.ofm.hr\/koprivnica\/author\/admkp8\/"},"qubely_comment":0,"qubely_category":"<a href=\"https:\/\/www.ofm.hr\/koprivnica\/category\/frama\/\" rel=\"category tag\">FRAMA<\/a>","qubely_excerpt":"Sedam Frama&scaron;ica iz Koprivnice bilo je na ovogodi&scaron;njem, XXII. Hodu Frame Zagreba\u010dkog podru\u010dnog bratstva. Jedanaestodnevno hodo\u010da&scaron;\u0107e na svima je njima ostavilo bogate dojmove i iskustva te potaknulo promjene. Frama&scaron;i su na ovom Hodu, me\u0111u ostalim, imali prilike posjetiti zajednicu Cenacolo pokraj Vrbovca, bolnicu za kroni\u010dno oboljelu djecu u Gornjoj Bistri, sestre karmeli\u0107anke u Mariji Bistrici&hellip;","featured_image_urls_v2":{"full":["https:\/\/www.ofm.hr\/koprivnica\/wp-content\/uploads\/2015\/08\/web18_10.jpg",640,352,false],"thumbnail":["https:\/\/www.ofm.hr\/koprivnica\/wp-content\/uploads\/2015\/08\/web18_10-150x150.jpg",150,150,true],"medium":["https:\/\/www.ofm.hr\/koprivnica\/wp-content\/uploads\/2015\/08\/web18_10-300x165.jpg",300,165,true],"medium_large":["https:\/\/www.ofm.hr\/koprivnica\/wp-content\/uploads\/2015\/08\/web18_10.jpg",640,352,false],"large":["https:\/\/www.ofm.hr\/koprivnica\/wp-content\/uploads\/2015\/08\/web18_10.jpg",640,352,false],"1536x1536":["https:\/\/www.ofm.hr\/koprivnica\/wp-content\/uploads\/2015\/08\/web18_10.jpg",640,352,false],"2048x2048":["https:\/\/www.ofm.hr\/koprivnica\/wp-content\/uploads\/2015\/08\/web18_10.jpg",640,352,false],"qubely_landscape":["https:\/\/www.ofm.hr\/koprivnica\/wp-content\/uploads\/2015\/08\/web18_10.jpg",640,352,false],"qubely_portrait":["https:\/\/www.ofm.hr\/koprivnica\/wp-content\/uploads\/2015\/08\/web18_10.jpg",540,297,false],"qubely_thumbnail":["https:\/\/www.ofm.hr\/koprivnica\/wp-content\/uploads\/2015\/08\/web18_10.jpg",140,77,false]},"post_excerpt_stackable_v2":"<p>Sedam Frama&scaron;ica iz Koprivnice bilo je na ovogodi&scaron;njem, XXII. Hodu Frame Zagreba\u010dkog podru\u010dnog bratstva. Jedanaestodnevno hodo\u010da&scaron;\u0107e na svima je njima ostavilo bogate dojmove i iskustva te potaknulo promjene. Frama&scaron;i su na ovom Hodu, me\u0111u ostalim, imali prilike posjetiti zajednicu Cenacolo pokraj Vrbovca, bolnicu za kroni\u010dno oboljelu djecu u Gornjoj Bistri, sestre karmeli\u0107anke u Mariji Bistrici i kao &scaron;e\u0107er na kraju, srce franjeva&scaron;tva, Asiz. Bilo je tu jo&scaron; puno sitnica i detalja koji su pridonijeli povezivanju u bratstvu, produbljivanju vlastitog poziva, brojnim odlukama i promjenama, no evo nekih dojmova: &bdquo;Divno je biti na tim mjestima u Asizu na kojima je \u017eivio&hellip;<\/p>\n","category_list_v2":"<a href=\"https:\/\/www.ofm.hr\/koprivnica\/category\/frama\/\" rel=\"category tag\">FRAMA<\/a>","author_info_v2":{"name":"Branko","url":"https:\/\/www.ofm.hr\/koprivnica\/author\/admkp8\/"},"comments_num_v2":"0 comments","_links":{"self":[{"href":"https:\/\/www.ofm.hr\/koprivnica\/wp-json\/wp\/v2\/posts\/585","targetHints":{"allow":["GET"]}}],"collection":[{"href":"https:\/\/www.ofm.hr\/koprivnica\/wp-json\/wp\/v2\/posts"}],"about":[{"href":"https:\/\/www.ofm.hr\/koprivnica\/wp-json\/wp\/v2\/types\/post"}],"author":[{"embeddable":true,"href":"https:\/\/www.ofm.hr\/koprivnica\/wp-json\/wp\/v2\/users\/1"}],"replies":[{"embeddable":true,"href":"https:\/\/www.ofm.hr\/koprivnica\/wp-json\/wp\/v2\/comments?post=585"}],"version-history":[{"count":1,"href":"https:\/\/www.ofm.hr\/koprivnica\/wp-json\/wp\/v2\/posts\/585\/revisions"}],"predecessor-version":[{"id":10172,"href":"https:\/\/www.ofm.hr\/koprivnica\/wp-json\/wp\/v2\/posts\/585\/revisions\/10172"}],"wp:featuredmedia":[{"embeddable":true,"href":"https:\/\/www.ofm.hr\/koprivnica\/wp-json\/wp\/v2\/media\/563"}],"wp:attachment":[{"href":"https:\/\/www.ofm.hr\/koprivnica\/wp-json\/wp\/v2\/media?parent=585"}],"wp:term":[{"taxonomy":"category","embeddable":true,"href":"https:\/\/www.ofm.hr\/koprivnica\/wp-json\/wp\/v2\/categories?post=585"},{"taxonomy":"post_tag","embeddable":true,"href":"https:\/\/www.ofm.hr\/koprivnica\/wp-json\/wp\/v2\/tags?post=585"}],"curies":[{"name":"wp","href":"https:\/\/api.w.org\/{rel}","templated":true}]}}