{"id":9260,"date":"2022-01-03T14:52:22","date_gmt":"2022-01-03T13:52:22","guid":{"rendered":"https:\/\/ofm.hr\/koprivnica-wp\/?p=9260"},"modified":"2022-01-03T14:52:24","modified_gmt":"2022-01-03T13:52:24","slug":"popis-pokojnika-kroz-ovaj-period-donosimo-ovdje","status":"publish","type":"post","link":"https:\/\/www.ofm.hr\/koprivnica\/popis-pokojnika-kroz-ovaj-period-donosimo-ovdje\/","title":{"rendered":"Popis pokojnika kroz ovaj period donosimo ovdje."},"content":{"rendered":"\n<p><strong>Popis pokojnika kroz ovaj period donosimo ovdje. Za njih \u0107e biti prikazana sveta misa u petak, 2. studenog u 18,30. Sudjelujmo u misi i molimo za svoje pokojnike.<\/strong><\/p>\n\n\n\n<figure class=\"wp-block-table\" data-block-type=\"core\"><table><tbody><tr><td>BROJ<\/td><td>IME I PREZIME<\/td><td>DATUM SMRTI<\/td><td>GODINE<\/td><\/tr><tr><td>1.&nbsp;&nbsp;&nbsp;&nbsp;&nbsp;&nbsp; &nbsp;<\/td><td>\u017deljko Erdeljac<\/td><td>01.11.2019<\/td><td>65<\/td><\/tr><tr><td>2.&nbsp;&nbsp;&nbsp;&nbsp;&nbsp;&nbsp; &nbsp;<\/td><td>Ivan Posavec<\/td><td>14.11.2019<\/td><td>69<\/td><\/tr><tr><td>3.&nbsp;&nbsp;&nbsp;&nbsp;&nbsp;&nbsp; &nbsp;<\/td><td>Dorica Ban<\/td><td>16.11.2019<\/td><td>79<\/td><\/tr><tr><td>4.&nbsp;&nbsp;&nbsp;&nbsp;&nbsp;&nbsp; &nbsp;<\/td><td>Martin Goca<\/td><td>19.11.2019<\/td><td>101<\/td><\/tr><tr><td>5.&nbsp;&nbsp;&nbsp;&nbsp;&nbsp;&nbsp; &nbsp;<\/td><td>Ivan Flatz<\/td><td>23.11.2019<\/td><td>63<\/td><\/tr><tr><td>6.&nbsp;&nbsp;&nbsp;&nbsp;&nbsp;&nbsp; &nbsp;<\/td><td>Franjo Jakupec<\/td><td>25.11.2019<\/td><td>81<\/td><\/tr><tr><td>7.&nbsp;&nbsp;&nbsp;&nbsp;&nbsp;&nbsp; &nbsp;<\/td><td>An\u0111ela Turkalj<\/td><td>17.12.2019<\/td><td>91<\/td><\/tr><tr><td>8.&nbsp;&nbsp;&nbsp;&nbsp;&nbsp;&nbsp; &nbsp;<\/td><td>Janko \u017diher<\/td><td>19.12.2019<\/td><td>83<\/td><\/tr><tr><td>9.&nbsp;&nbsp;&nbsp;&nbsp;&nbsp;&nbsp; &nbsp;<\/td><td>Miljenko Vladu\u0161i\u0107<\/td><td>22.12.2019<\/td><td>84<\/td><\/tr><tr><td>10.&nbsp;&nbsp; &nbsp;<\/td><td>\u0160tefica Mihaljinec<\/td><td>24.12.2019<\/td><td>90<\/td><\/tr><tr><td>11.&nbsp;&nbsp; &nbsp;<\/td><td>Ana \u0160kvorc<\/td><td>31.12.2019<\/td><td>80<\/td><\/tr><tr><td>12.&nbsp;&nbsp; &nbsp;<\/td><td>Zvonko Kvakari\u0107<\/td><td>05.01.2020<\/td><td>76<\/td><\/tr><tr><td>13.&nbsp;&nbsp; &nbsp;<\/td><td>Mladen Varovi\u0107<\/td><td>16.01.2020<\/td><td>67<\/td><\/tr><tr><td>14.&nbsp;&nbsp; &nbsp;<\/td><td>Mile Mio\u010d<\/td><td>16.01.2020<\/td><td>79<\/td><\/tr><tr><td>15.&nbsp;&nbsp; &nbsp;<\/td><td>Mari\u0161ka Toth<\/td><td>16.01.2020<\/td><td>65<\/td><\/tr><tr><td>16.&nbsp;&nbsp; &nbsp;<\/td><td>Ivan \u010coklica<\/td><td>19.01.2020<\/td><td>75<\/td><\/tr><tr><td>17.&nbsp;&nbsp; &nbsp;<\/td><td>Stjepan Juri\u0161a<\/td><td>19.01.2020<\/td><td>76<\/td><\/tr><tr><td>18.&nbsp;&nbsp; &nbsp;<\/td><td>Stjepan Vuljak<\/td><td>26.01.2020<\/td><td>84<\/td><\/tr><tr><td>19.&nbsp;&nbsp; &nbsp;<\/td><td>Milan Zagor\u0161\u010dak<\/td><td>03.03.2020<\/td><td>84<\/td><\/tr><tr><td>20.&nbsp;&nbsp; &nbsp;<\/td><td>Ivan Jur\u0161eti\u0107<\/td><td>16.03.2020<\/td><td>84<\/td><\/tr><tr><td>21.&nbsp;&nbsp; &nbsp;<\/td><td>Marija Glatki<\/td><td>20.03.2020<\/td><td>93<\/td><\/tr><tr><td>22.&nbsp;&nbsp; &nbsp;<\/td><td>Marija Daki\u0107<\/td><td>23.03.2020<\/td><td>76<\/td><\/tr><tr><td>23.&nbsp;&nbsp; &nbsp;<\/td><td>\u0110uro Delimar<\/td><td>24.03.2020<\/td><td>81<\/td><\/tr><tr><td>24.&nbsp;&nbsp; &nbsp;<\/td><td>Vjekoslav \u0110uraj<\/td><td>28.03.2020<\/td><td>75<\/td><\/tr><tr><td>25.&nbsp;&nbsp; &nbsp;<\/td><td>Mladenko Frleta<\/td><td>08.04.2020<\/td><td>68<\/td><\/tr><tr><td>26.&nbsp;&nbsp; &nbsp;<\/td><td>Juraj Martinjak<\/td><td>08.04.2020<\/td><td>84<\/td><\/tr><tr><td>27.&nbsp;&nbsp; &nbsp;<\/td><td>Bernarda Huzjak<\/td><td>15.04.2020<\/td><td>82<\/td><\/tr><tr><td>28.&nbsp;&nbsp; &nbsp;<\/td><td>Ljudevit Ki\u0161<\/td><td>17.04.2020<\/td><td>99<\/td><\/tr><tr><td>29.&nbsp;&nbsp; &nbsp;<\/td><td>Ana \u017daga\u010d<\/td><td>18.04.2020<\/td><td>77<\/td><\/tr><tr><td>30.&nbsp;&nbsp; &nbsp;<\/td><td>\u017deljko Grbac<\/td><td>25.04.2020<\/td><td>81<\/td><\/tr><tr><td>31.&nbsp;&nbsp; &nbsp;<\/td><td>Ivka Detoni<\/td><td>08.05.2020<\/td><td>91<\/td><\/tr><tr><td>32.&nbsp;&nbsp; &nbsp;<\/td><td>Katarina \u010cesi<\/td><td>09.05.2020<\/td><td>89<\/td><\/tr><tr><td>33.&nbsp;&nbsp; &nbsp;<\/td><td>Romano Kapetani\u0107<\/td><td>26.05.2020<\/td><td>46<\/td><\/tr><tr><td>34.&nbsp;&nbsp; &nbsp;<\/td><td>Vlado Varkonji<\/td><td>28.05.2020<\/td><td>69<\/td><\/tr><tr><td>35.&nbsp;&nbsp; &nbsp;<\/td><td>Lucija Edi\u0161ar<\/td><td>28.05.2020<\/td><td>92<\/td><\/tr><tr><td>36.&nbsp;&nbsp; &nbsp;<\/td><td>Katica Komes<\/td><td>30.05.2020<\/td><td>80<\/td><\/tr><tr><td>37.&nbsp;&nbsp; &nbsp;<\/td><td>Augustin Novak<\/td><td>02.06.2020<\/td><td>85<\/td><\/tr><tr><td>38.&nbsp;&nbsp; &nbsp;<\/td><td>Ivan Zagor\u0161ek<\/td><td>02.06.2020<\/td><td>73<\/td><\/tr><tr><td>39.&nbsp;&nbsp; &nbsp;<\/td><td>Ana Popovi\u0107<\/td><td>04.06.2020<\/td><td>77<\/td><\/tr><tr><td>40.&nbsp;&nbsp; &nbsp;<\/td><td>Stanko Orlovi\u0107<\/td><td>06.06.2020<\/td><td>82<\/td><\/tr><tr><td>41.&nbsp;&nbsp; &nbsp;<\/td><td>Barica Krsnik<\/td><td>08.06.2020<\/td><td>66<\/td><\/tr><tr><td>42.&nbsp;&nbsp; &nbsp;<\/td><td>Bo\u017eica Parag<\/td><td>17.06.2020<\/td><td>58<\/td><\/tr><tr><td>43.&nbsp;&nbsp; &nbsp;<\/td><td>Vinko Bartoli\u0107<\/td><td>16.06.2020<\/td><td>83<\/td><\/tr><tr><td>44.&nbsp;&nbsp; &nbsp;<\/td><td>Ivan Bosori\u0107<\/td><td>23.06.2020<\/td><td>79<\/td><\/tr><tr><td>45.&nbsp;&nbsp; &nbsp;<\/td><td>Marko Bukvi\u0107<\/td><td>29.06.2020<\/td><td>72<\/td><\/tr><tr><td>46.&nbsp;&nbsp; &nbsp;<\/td><td>Marija Ana Rajkovi\u0107<\/td><td>10.07.2020<\/td><td>76<\/td><\/tr><tr><td>47.&nbsp;&nbsp; &nbsp;<\/td><td>Pa\u0161ko Ta\u010daj<\/td><td>20.07.2020<\/td><td>80<\/td><\/tr><tr><td>48.&nbsp;&nbsp; &nbsp;<\/td><td>Zlatko Me\u017enari\u0107<\/td><td>22.07.2020<\/td><td>61<\/td><\/tr><tr><td>49.&nbsp;&nbsp; &nbsp;<\/td><td>Barica Belo\u0161evi\u0107<\/td><td>23.07.2020<\/td><td>86<\/td><\/tr><tr><td>50.&nbsp;&nbsp; &nbsp;<\/td><td>Kata \u010ce\u0161njaj<\/td><td>26.07.2020<\/td><td>83<\/td><\/tr><tr><td>51.&nbsp;&nbsp; &nbsp;<\/td><td>Franjo Sele\u0161<\/td><td>01.08.2020<\/td><td>88<\/td><\/tr><tr><td>52.&nbsp;&nbsp; &nbsp;<\/td><td>Nada Luka\u010devi\u0107<\/td><td>07.08.2020<\/td><td>72<\/td><\/tr><tr><td>53.&nbsp;&nbsp; &nbsp;<\/td><td>Ladislav Caha<\/td><td>14.08.2020<\/td><td>83<\/td><\/tr><tr><td>54.&nbsp;&nbsp; &nbsp;<\/td><td>Manda Dra\u017eenovi\u0107<\/td><td>14.09.2020<\/td><td>93<\/td><\/tr><tr><td>55.&nbsp;&nbsp; &nbsp;<\/td><td>Josip Kranj\u010dec<\/td><td>10.09.2020<\/td><td>75<\/td><\/tr><tr><td>56.&nbsp;&nbsp; &nbsp;<\/td><td>Marijan Kacun<\/td><td>26.09.2020<\/td><td>73<\/td><\/tr><tr><td>57.&nbsp;&nbsp; &nbsp;<\/td><td>Jelka Ore\u0161ki<\/td><td>01.10.2020<\/td><td>90<\/td><\/tr><tr><td>58.&nbsp;&nbsp; &nbsp;<\/td><td>Mladen Klop\u010di\u0107<\/td><td>30.09.2020<\/td><td>58<\/td><\/tr><tr><td>59.&nbsp;&nbsp; &nbsp;<\/td><td>Terezija Vrban\u010di\u0107<\/td><td>14.10.2020<\/td><td>90<\/td><\/tr><tr><td>60.&nbsp;&nbsp; &nbsp;<\/td><td>Slavica Mazurek<\/td><td>14.10.2020<\/td><td>79<\/td><\/tr><tr><td>61.&nbsp;&nbsp; &nbsp;<\/td><td>Stjepan Ivanda<\/td><td>22.10.2020<\/td><td>87<\/td><\/tr><\/tbody><\/table><\/figure>\n","protected":false},"excerpt":{"rendered":"<p>Popis pokojnika kroz ovaj period donosimo ovdje. Za njih \u0107e biti prikazana sveta misa u petak, 2. studenog u 18,30. Sudjelujmo u misi i molimo za svoje pokojnike. BROJ IME I PREZIME DATUM SMRTI GODINE 1.&nbsp;&nbsp;&nbsp;&nbsp;&nbsp;&nbsp; &nbsp; \u017deljko Erdeljac 01.11.2019 65 2.&nbsp;&nbsp;&nbsp;&nbsp;&nbsp;&nbsp; &nbsp; Ivan Posavec 14.11.2019 69 3.&nbsp;&nbsp;&nbsp;&nbsp;&nbsp;&nbsp; &nbsp; Dorica Ban 16.11.2019 79 4.&nbsp;&nbsp;&nbsp;&nbsp;&nbsp;&nbsp; &nbsp; [&hellip;]<\/p>\n","protected":false},"author":1,"featured_media":0,"comment_status":"closed","ping_status":"open","sticky":false,"template":"","format":"standard","meta":{"qubely_global_settings":"","qubely_interactions":"","footnotes":""},"categories":[197],"tags":[],"class_list":["post-9260","post","type-post","status-publish","format-standard","hentry","category-statistika"],"blocksy_meta":{"styles_descriptor":{"styles":{"desktop":"","tablet":"","mobile":""},"google_fonts":[],"version":6}},"qubely_featured_image_url":null,"qubely_author":{"display_name":"Branko","author_link":"https:\/\/www.ofm.hr\/koprivnica\/author\/admkp8\/"},"qubely_comment":0,"qubely_category":"<a href=\"https:\/\/www.ofm.hr\/koprivnica\/category\/statistika\/\" rel=\"category tag\">Statistika<\/a>","qubely_excerpt":"Popis pokojnika kroz ovaj period donosimo ovdje. Za njih \u0107e biti prikazana sveta misa u petak, 2. studenog u 18,30. Sudjelujmo u misi i molimo za svoje pokojnike. BROJ IME I PREZIME DATUM SMRTI GODINE 1.&nbsp;&nbsp;&nbsp;&nbsp;&nbsp;&nbsp; &nbsp; \u017deljko Erdeljac 01.11.2019 65 2.&nbsp;&nbsp;&nbsp;&nbsp;&nbsp;&nbsp; &nbsp; Ivan Posavec 14.11.2019 69 3.&nbsp;&nbsp;&nbsp;&nbsp;&nbsp;&nbsp; &nbsp; Dorica Ban 16.11.2019 79 4.&nbsp;&nbsp;&nbsp;&nbsp;&nbsp;&nbsp; &nbsp;&hellip;","featured_image_urls_v2":{"full":"","thumbnail":"","medium":"","medium_large":"","large":"","1536x1536":"","2048x2048":"","qubely_landscape":"","qubely_portrait":"","qubely_thumbnail":""},"post_excerpt_stackable_v2":"<p>Popis pokojnika kroz ovaj period donosimo ovdje. Za njih \u0107e biti prikazana sveta misa u petak, 2. studenog u 18,30. Sudjelujmo u misi i molimo za svoje pokojnike. BROJIME I PREZIMEDATUM SMRTIGODINE1.&nbsp;&nbsp;&nbsp;&nbsp;&nbsp;&nbsp; &nbsp;\u017deljko Erdeljac01.11.2019652.&nbsp;&nbsp;&nbsp;&nbsp;&nbsp;&nbsp; &nbsp;Ivan Posavec14.11.2019693.&nbsp;&nbsp;&nbsp;&nbsp;&nbsp;&nbsp; &nbsp;Dorica Ban16.11.2019794.&nbsp;&nbsp;&nbsp;&nbsp;&nbsp;&nbsp; &nbsp;Martin Goca19.11.20191015.&nbsp;&nbsp;&nbsp;&nbsp;&nbsp;&nbsp; &nbsp;Ivan Flatz23.11.2019636.&nbsp;&nbsp;&nbsp;&nbsp;&nbsp;&nbsp; &nbsp;Franjo Jakupec25.11.2019817.&nbsp;&nbsp;&nbsp;&nbsp;&nbsp;&nbsp; &nbsp;An\u0111ela Turkalj17.12.2019918.&nbsp;&nbsp;&nbsp;&nbsp;&nbsp;&nbsp; &nbsp;Janko \u017diher19.12.2019839.&nbsp;&nbsp;&nbsp;&nbsp;&nbsp;&nbsp; &nbsp;Miljenko Vladu\u0161i\u010722.12.20198410.&nbsp;&nbsp; &nbsp;\u0160tefica Mihaljinec24.12.20199011.&nbsp;&nbsp; &nbsp;Ana \u0160kvorc31.12.20198012.&nbsp;&nbsp; &nbsp;Zvonko Kvakari\u010705.01.20207613.&nbsp;&nbsp; &nbsp;Mladen Varovi\u010716.01.20206714.&nbsp;&nbsp; &nbsp;Mile Mio\u010d16.01.20207915.&nbsp;&nbsp; &nbsp;Mari\u0161ka Toth16.01.20206516.&nbsp;&nbsp; &nbsp;Ivan \u010coklica19.01.20207517.&nbsp;&nbsp; &nbsp;Stjepan Juri\u0161a19.01.20207618.&nbsp;&nbsp; &nbsp;Stjepan Vuljak26.01.20208419.&nbsp;&nbsp; &nbsp;Milan Zagor\u0161\u010dak03.03.20208420.&nbsp;&nbsp; &nbsp;Ivan Jur\u0161eti\u010716.03.20208421.&nbsp;&nbsp; &nbsp;Marija Glatki20.03.20209322.&nbsp;&nbsp; &nbsp;Marija Daki\u010723.03.20207623.&nbsp;&nbsp; &nbsp;\u0110uro Delimar24.03.20208124.&nbsp;&nbsp; &nbsp;Vjekoslav \u0110uraj28.03.20207525.&nbsp;&nbsp; &nbsp;Mladenko Frleta08.04.20206826.&nbsp;&nbsp; &nbsp;Juraj Martinjak08.04.20208427.&nbsp;&nbsp; &nbsp;Bernarda Huzjak15.04.20208228.&nbsp;&nbsp; &nbsp;Ljudevit Ki\u016117.04.20209929.&nbsp;&nbsp; &nbsp;Ana \u017daga\u010d18.04.20207730.&nbsp;&nbsp; &nbsp;\u017deljko Grbac25.04.20208131.&nbsp;&nbsp; &nbsp;Ivka Detoni08.05.20209132.&nbsp;&nbsp; &nbsp;Katarina \u010cesi09.05.20208933.&nbsp;&nbsp; &nbsp;Romano Kapetani\u010726.05.20204634.&nbsp;&nbsp; &nbsp;Vlado Varkonji28.05.20206935.&nbsp;&nbsp;&hellip;<\/p>\n","category_list_v2":"<a href=\"https:\/\/www.ofm.hr\/koprivnica\/category\/statistika\/\" rel=\"category tag\">Statistika<\/a>","author_info_v2":{"name":"Branko","url":"https:\/\/www.ofm.hr\/koprivnica\/author\/admkp8\/"},"comments_num_v2":"0 comments","_links":{"self":[{"href":"https:\/\/www.ofm.hr\/koprivnica\/wp-json\/wp\/v2\/posts\/9260","targetHints":{"allow":["GET"]}}],"collection":[{"href":"https:\/\/www.ofm.hr\/koprivnica\/wp-json\/wp\/v2\/posts"}],"about":[{"href":"https:\/\/www.ofm.hr\/koprivnica\/wp-json\/wp\/v2\/types\/post"}],"author":[{"embeddable":true,"href":"https:\/\/www.ofm.hr\/koprivnica\/wp-json\/wp\/v2\/users\/1"}],"replies":[{"embeddable":true,"href":"https:\/\/www.ofm.hr\/koprivnica\/wp-json\/wp\/v2\/comments?post=9260"}],"version-history":[{"count":1,"href":"https:\/\/www.ofm.hr\/koprivnica\/wp-json\/wp\/v2\/posts\/9260\/revisions"}],"predecessor-version":[{"id":9261,"href":"https:\/\/www.ofm.hr\/koprivnica\/wp-json\/wp\/v2\/posts\/9260\/revisions\/9261"}],"wp:attachment":[{"href":"https:\/\/www.ofm.hr\/koprivnica\/wp-json\/wp\/v2\/media?parent=9260"}],"wp:term":[{"taxonomy":"category","embeddable":true,"href":"https:\/\/www.ofm.hr\/koprivnica\/wp-json\/wp\/v2\/categories?post=9260"},{"taxonomy":"post_tag","embeddable":true,"href":"https:\/\/www.ofm.hr\/koprivnica\/wp-json\/wp\/v2\/tags?post=9260"}],"curies":[{"name":"wp","href":"https:\/\/api.w.org\/{rel}","templated":true}]}}